{"id":85,"date":"2010-06-04T13:51:47","date_gmt":"2010-06-04T13:51:47","guid":{"rendered":""},"modified":"2012-11-21T04:27:43","modified_gmt":"2012-11-21T03:27:43","slug":"el-defecto-de-zapatero","status":"publish","type":"post","link":"https:\/\/elblogdejoseblasfernandez.com\/?p=85","title":{"rendered":"El (d)efecto de Zapatero"},"content":{"rendered":"<p style=\"text-align: justify;\">Hay que reconocer que cuando los publicistas, estudiaron al entonces candidato para establecer su campa\u00f1a electoral y decidieron el eslogan :\u201dEl Efecto ZP\u201d acertaron, porque vaya si va a tener \u201cefecto\u201d su paso por el gobierno.<\/p>\n<p style=\"text-align: justify;\">Si lo que necesita un pa\u00eds para progresar es credibilidad, reducir al m\u00ednimo las incertidumbres y crear una atm\u00f3sfera en la que los inversores se atrevan a arriesgar sus recursos, los negocios realicen sus planificaciones, y todos podamos tener expectativas de trabajo, lo que no es admisible es este gobierno y en particular su presidente.<\/p>\n<p style=\"text-align: justify;\">Los espa\u00f1oles, no s\u00f3lo padecemos las consecuencias de una crisis a nivel internacional, marcada por el sector financiero, a la que se ha de sumar la crisis europea reflejada en la debilidad del euro, sino que a todo ello hemos de sumar la crisis espa\u00f1ola, representada por un modelo econ\u00f3mico primitivo basado en la especulaci\u00f3n y la construcci\u00f3n desmesurada.<\/p>\n<p style=\"text-align: justify;\">Si a la suma todo esto, se le aplica el \u201cefecto multiplicador\u201d de un gobierno y un presidente que hacen todo lo contrario de lo que se debe hacer para crear certidumbre, confianza y credibilidad, vamos a donde vamos, a unas tasas de paro que el propio gobierno acaba de situar en el 19,4%, para 2010 y 18,9% en 2011, tremendas cifras que, a\u00fan si\u00e9ndolas, lo son m\u00e1s por ser las del gobierno, pues vaya usted a saber cu\u00e1les ser\u00e1n al final, pues vivimos en un pa\u00eds bajo el mandato de un presidente-bandazo, que ni sus propios colaboradores saben por d\u00f3nde va a salir, que lo que hoy afirma rotundamente, ma\u00f1ana es lo contrario.<\/p>\n<p style=\"text-align: justify;\">No es mi estilo hacer le\u00f1a del \u00e1rbol ca\u00eddo, pues CIU ya le ha puesto fecha de caducidad, pero cuando la improvisaci\u00f3n y la irresponsabilidad son los caracteres que identifican a un jefe de gobierno, el pa\u00eds va a la deriva y si adem\u00e1s esto se produce en el entorno descrito\u2026<\/p>\n<p style=\"text-align: justify;\">Cuando a los ayuntamientos se nos promete por el gobierno un nuevo modelo de financiaci\u00f3n y se le pone fecha, bueno, \u201cfecha zapatero\u201d, pues se puso fecha para el a\u00f1o pasado, y\u2026\u00a1Ala nuevo bandazo, traslad\u00e1ndose a 2011 para justificarse!. Y cuando ya el gobierno ten\u00eda hasta ahora el compromiso de presentar antes de julio a la C\u00e1mara Baja, el texto de la primera normativa para que el modelo de financiaci\u00f3n entrase en vigor en enero de 2011, antes de que celebrasen las elecciones municipales\u2026\u00a1Nuevo bandazo!.<br \/>\nEn este caso acompa\u00f1ado de decretazo!. De un d\u00eda para otro, una medida que se mantuvo oculta hasta su publicaci\u00f3n en el BOE, por lo que se ve, no s\u00f3lo a la oposici\u00f3n y a los ciudadanos, sino como ha quedado de manifiesto estos \u00faltimos d\u00edas, incluso a sus propios alcaldes con los que se reuni\u00f3 un d\u00eda antes, e incluso compa\u00f1eros de gobierno, provocando confusiones, contradicciones y desmentidos. Nadie,ni la propia vicepresidenta econ\u00f3mica parece saber por donde va finalmente a salir el presidente.<\/p>\n<p style=\"text-align: justify;\">Es cierto que todo el mundo le est\u00e1 pidiendo a Zapatero un ajuste\u2026\u00a1Pero no desbarajustes!. Que es lo que est\u00e1 provocando con su chapucera improvisaci\u00f3n, ignorancia y falta de capacidad sin parang\u00f3n, siendo con ello vehementes, pues nadie ha logrado en Europa lo que \u00e9l ha conseguido: pasar de una situaci\u00f3n de super\u00e1vit,en las cuentas p\u00fablicas, a un d\u00e9ficit superior al 11 por ciento en s\u00f3lo dos a\u00f1os. El mayor deterioro fiscal de la historia, gast\u00e1ndose 13.000 millones de euros en rotondas y aceras, para ahora imponernos un Real Decreto-ley con el objeto de tratar de reducir el gasto p\u00fablico en 15.000 millones de euros durante los pr\u00f3ximos dos a\u00f1os.<\/p>\n<p style=\"text-align: justify;\">Sabido es de todos, el pen\u00faltimo bandazo presidencial, con su Real Decreto, por el que el Gobierno proh\u00edbe a los Ayuntamientos y sus entidades dependientes \u00abacudir al cr\u00e9dito p\u00fablico o privado a largo plazo, en cualquiera de sus modalidades para la financiaci\u00f3n de sus inversiones, ni sustituir total o parcialmente operaciones preexistentes\u00bb salvo que sea para reducir sus intereses.<\/p>\n<p style=\"text-align: justify;\">Sabido es su cambio, al d\u00eda siguiente, una vez publicado en el BOE, despu\u00e9s de provocar una conmoci\u00f3n en los ayuntamientos, aludiendo que se hab\u00eda debido a un error por fe de erratas en el B.O.E., y que ahora los ayuntamientos no podr\u00e1n endeudarse a largo plazo a partir del 1 de enero de 2011, es decir, siete meses de pr\u00f3rroga para endeudarse, cuando algunos ayuntamientos incluso llegaron a convocar plenos extraordinarios, antes de las 12 de la noche, hora de entrada en vigor, para aprobar nuevos cr\u00e9ditos,.<\/p>\n<p style=\"text-align: justify;\">\u00bfRecuerdan ustedes el efecto llamada, provocado con la legalizaci\u00f3n de los emigrantes tambi\u00e9n generada por nuestro presidente? Pues algo parecido va a ocurrir en los ayuntamientos al ponerle fecha l\u00edmite a la posibilidad de endeudarse.<\/p>\n<p style=\"text-align: justify;\">No, esto no es posible, dir\u00e1n algunos, porque necesitan la autorizaci\u00f3n de la comunidad aut\u00f3noma. \u00a1A ver qui\u00e9n es el quijote! Pues varias comunidades, ya han manifestado cu\u00e1l es su intenci\u00f3n.<\/p>\n<p style=\"text-align: justify;\">Nadie sabe lo que el presidente har\u00e1, ni decidir\u00e1, pero a la vista de los hechos, no es descartable un nuevo bandazo, en este caso, para permitir a los ayuntamientos seguir endeud\u00e1ndose en 2011, aunque se disfrace con matices. \u00a1Al tiempo!<\/p>\n<p style=\"text-align: justify;\">En definitiva, que gracias a la sagacidad y visi\u00f3n de estado del Sr. Zapatero, no s\u00f3lo no se habr\u00e1n logrado los objetivos, sino que se habr\u00e1 incrementado el endeudamiento gracias a su \u201cefecto\u201d.<\/p>\n<p style=\"text-align: justify;\">Su imagen y credibilidad, que tambi\u00e9n es, por mucho que nos pese la de nuestro pa\u00eds, se habr\u00e1 deteriorado a\u00fan m\u00e1s y todo ello sin llegar a tomarse las medidas \u201cde verdad necesarias\u201d, aquellas que incentiven el crecimiento econ\u00f3mico y la creaci\u00f3n de empleo con una visi\u00f3n m\u00e1s amplia, no s\u00f3lo para deshacer moment\u00e1neamente el deterioro de las cuentas p\u00fablicas, mientras no se tomen medidas que corrijan los desequilibrios estructurales de nuestra econom\u00eda, y se sienten las bases de un crecimiento sostenible, y volver a generar ingresos por el camino actual.<\/p>\n<p style=\"text-align: justify;\">Pero desgraciadamente, esto no ha terminado, el presidente del Gobierno admiti\u00f3 el pasado mi\u00e9rcoles que \u00abla subida de impuestos afectar\u00e1 a los que m\u00e1s tienen y no a la clase media\u00bb. Pronto nos sorprender\u00e1 con lo que para \u00e9l es un rico.<\/p>\n<p style=\"text-align: justify;\">\u00abTodo el mundo entiende lo que significa ese concepto. Va a quedar muy claro cuando el Gobierno comunique cu\u00e1l es el esfuerzo que vamos a pedir a los que m\u00e1s tienen. No habr\u00e1 ninguna duda\u00bb, apunt\u00f3 el pasado mi\u00e9rcoles el presidente. Ya veremos por donde nos sale decimos los dem\u00e1s.<\/p>\n<p style=\"text-align: justify;\">Pero es que adem\u00e1s\u2026\u00a1Queda la reforma laboral!. Es una pena, porque todo ser\u00eda muy divertido, sin en ello no fuera nuestro futuro. En resumidas cuentas tenemos un panorama desolador por culpa en exclusiva de ese hombre del talante al que tanto le deseamos que se marche por donde vino.<\/p>\n","protected":false},"excerpt":{"rendered":"<p>Hay que reconocer que cuando los publicistas, estudiaron al entonces candidato para establecer su campa\u00f1a electoral y decidieron el eslogan :\u201dEl Efecto ZP\u201d acertaron, porque vaya si va a tener \u201cefecto\u201d su paso por el gobierno. Si lo que necesita un pa\u00eds para progresar es credibilidad, reducir al m\u00ednimo las incertidumbres y crear una atm\u00f3sfera [&hellip;]<\/p>\n","protected":false},"author":1,"featured_media":0,"comment_status":"open","ping_status":"open","sticky":false,"template":"","format":"standard","meta":{"footnotes":""},"categories":[6],"tags":[],"class_list":["post-85","post","type-post","status-publish","format-standard","hentry","category-actualidad"],"_links":{"self":[{"href":"https:\/\/elblogdejoseblasfernandez.com\/index.php?rest_route=\/wp\/v2\/posts\/85","targetHints":{"allow":["GET"]}}],"collection":[{"href":"https:\/\/elblogdejoseblasfernandez.com\/index.php?rest_route=\/wp\/v2\/posts"}],"about":[{"href":"https:\/\/elblogdejoseblasfernandez.com\/index.php?rest_route=\/wp\/v2\/types\/post"}],"author":[{"embeddable":true,"href":"https:\/\/elblogdejoseblasfernandez.com\/index.php?rest_route=\/wp\/v2\/users\/1"}],"replies":[{"embeddable":true,"href":"https:\/\/elblogdejoseblasfernandez.com\/index.php?rest_route=%2Fwp%2Fv2%2Fcomments&post=85"}],"version-history":[{"count":3,"href":"https:\/\/elblogdejoseblasfernandez.com\/index.php?rest_route=\/wp\/v2\/posts\/85\/revisions"}],"predecessor-version":[{"id":526,"href":"https:\/\/elblogdejoseblasfernandez.com\/index.php?rest_route=\/wp\/v2\/posts\/85\/revisions\/526"}],"wp:attachment":[{"href":"https:\/\/elblogdejoseblasfernandez.com\/index.php?rest_route=%2Fwp%2Fv2%2Fmedia&parent=85"}],"wp:term":[{"taxonomy":"category","embeddable":true,"href":"https:\/\/elblogdejoseblasfernandez.com\/index.php?rest_route=%2Fwp%2Fv2%2Fcategories&post=85"},{"taxonomy":"post_tag","embeddable":true,"href":"https:\/\/elblogdejoseblasfernandez.com\/index.php?rest_route=%2Fwp%2Fv2%2Ftags&post=85"}],"curies":[{"name":"wp","href":"https:\/\/api.w.org\/{rel}","templated":true}]}}