{"id":86,"date":"2010-06-30T20:06:58","date_gmt":"2010-06-30T20:06:58","guid":{"rendered":""},"modified":"2012-11-21T04:27:06","modified_gmt":"2012-11-21T03:27:06","slug":"los-estudios-de-graduado-social-cumplen-50-anos-en-nuestra-provincia","status":"publish","type":"post","link":"https:\/\/elblogdejoseblasfernandez.com\/?p=86","title":{"rendered":"Los estudios de Graduado Social cumplen 50 a\u00f1os en nuestra provincia"},"content":{"rendered":"<p style=\"text-align: justify;\">Por una Orden Ministerial de Mayo de 1955 se crea en C\u00e1diz el Seminario de Estudios Sociales San Raimundo de Pe\u00f1afort, con el fin de impartir las ense\u00f1anzas de Derecho a alumnos libres y preparar las ense\u00f1anzas de Graduado Social en toda la provincia de C\u00e1diz. Es en el curso acad\u00e9mico 1959-1960 donde dicho Seminario deja de impartir las ense\u00f1anzas de Derecho y se dedica en exclusiva a los estudios de Graduado Social, donde personas de la m\u00e1s diversa edad y condici\u00f3n, relacionadas con el \u00e1mbito del Derecho y de lo Social, se lanzan con entusiasmo a preparar lo que m\u00e1s tarde se llamar\u00e1 Facultad de Ciencias del Trabajo. Hace 50 a\u00f1os un grupo de profesores empiezan una larga carrera donde la formaci\u00f3n y el tes\u00f3n de ellos han sembrado la semilla de los estudios sociales, creando una profesi\u00f3n que dif\u00edcilmente otra haya tenido tantos logros como los que por su buen hacer y trabajo tiene hoy la de Graduado Social.<\/p>\n<p style=\"text-align: justify;\">Aquellos profesores tienen para m\u00ed un grato recuerdo y quiero dejar ante todo, un testimonio de reconocimiento y de gratitud, pues aunque muchos ya no est\u00e1n entre nosotros, nunca podr\u00e9 olvidar a Paco Wilhelmi, Paco Esteban, Hip\u00f3lito Hern\u00e1ndez Garc\u00eda, Alfredo Salvador Bosque, Jos\u00e9 Lorca, Juan Palma, Emilio de la Cruz, Emilio Jim\u00e9nez Villarejo, Julio Vecino y Juan Manzano, entre otros, los cuales como fundadores en esta provincia gaditana y por su buen hacer hoy quiero rendirles el recuerdo de todo el colectivo y el homenaje m\u00e1s sincero, porque consiguieron el fin que buscaban: formar jur\u00eddicamente y crear, posteriormente, una profesi\u00f3n en esta provincia que a\u00fan cuando la misma data de 1925, sus pilares, su trabajo y su formaci\u00f3n jur\u00eddica es un ejemplo a seguir e iba a ser imprescindible en el mundo de las relaciones laborales.<\/p>\n<p style=\"text-align: justify;\">Este Seminario de San Raimundo de Pe\u00f1afort lleg\u00f3 hasta el a\u00f1o 1980, donde los estudios de Graduado Social los acoge la Universidad de C\u00e1diz<br \/>\ny como consecuencia del Real Decreto 921\/80, de la Presidencia del Gobierno, se regula la nueva ordenaci\u00f3n de las ense\u00f1anzas de Graduado Social y de los centros que las imparten, pues hasta entonces dichos estudios dependieron de las Escuelas Sociales integradas todas ellas en las diversas Facultades de Derecho que exist\u00edan en nuestra geograf\u00eda, siendo en Granada donde \u00e9sta tuvo su nacimiento, sus ra\u00edces y su transformaci\u00f3n, posteriormente, en Escuelas Universitarias de Relaciones Laborales. Pero no qued\u00f3 ah\u00ed, ya que los estudios de Graduado Social fueron ampliando competencias y hoy aquellas Escuelas se han transformado en Facultades de Ciencias del Trabajo, las cuales acogieron hasta el pasado curso la Licenciatura y ya en \u00e9ste, es decir, a los 50 a\u00f1os, se han convertido en Grado, por lo que su rango acad\u00e9mico es el mismo que el resto de las distintas Facultades y estudios universitarios que existen en Espa\u00f1a.<\/p>\n<p style=\"text-align: justify;\">Para m\u00ed, como Presidente del Colegio gaditano y de Ceuta, el cual se cre\u00f3 en Septiembre de 1971 como tal Corporaci\u00f3n de Derecho P\u00fablico, quiero agradecer tanto a profesores, catedr\u00e1ticos, Magistrados, Fiscales, Inspectores de Trabajo, Consejo General del Poder Judicial y a alumnos que ya se cuentan por centenares, el entusiasmo de haber servido con orgullo a una digna profesi\u00f3n como es \u00e9sta, profesi\u00f3n de las denominadas jur\u00eddicas y donde su especialidad en el mundo del trabajo, la Seguridad Social y su implantaci\u00f3n en las Jurisdicciones del Orden Social y Mercantil, les han hecho acreedores de su prestigio y profesionalidad.<\/p>\n<p style=\"text-align: justify;\">Quiero recordar aquellos que se iniciaron hace a\u00f1os en esta bendita profesi\u00f3n y que algunos tampoco se encuentran entre nosotros, pero sus nombres est\u00e1n ah\u00ed, pues su primera promoci\u00f3n dej\u00f3 un gran impacto en aquella sociedad civil gaditana. Por ello, mi recuerdo a M\u00aa Dolores Pardo Br\u00edas, Antonio Carvajal Alcaide, Manuel y Federico Supervielle Marz\u00e1n, Jes\u00fas Luna Padilla, Julio Esteban Glober, Miguel Morales Gonz\u00e1lez, Andr\u00e9s Moragues Rosell\u00f3, Jos\u00e9 Derlich\u00e1n Salvo, Antonio Mart\u00edn Riera y Carlos M\u00aa Roca Su\u00e1rez. A todos gracias por vuestro trabajo y no quiero acabar mi recuerdo sin hacer menci\u00f3n a quien hoy lo nombramos colegiado em\u00e9rito de nuestra Corporaci\u00f3n. Y me refiero a D. Emilio Jim\u00e9nez Villarejo, Director que fue de aquel Seminario, que simultaneaba con su profesi\u00f3n de General-Auditor la docencia en dicho centro, por lo que a todos sin excepci\u00f3n el colectivo de Graduados Sociales quiere dejar grabado con letras de oro este aniversario, el cual se materializar\u00e1 en la Facultad de Ciencias del Trabajo con el descubrimiento de una placa conmemorativa en los muros de la misma, donde el Rector de la Universidad y la Decana de la Facultad junto conmigo seremos fedatarios de los que hoy tienen el orgullo de haber pertenecido o haber realizado unos estudios que de no existir habr\u00eda que haberlos creado.<\/p>\n","protected":false},"excerpt":{"rendered":"<p>Por una Orden Ministerial de Mayo de 1955 se crea en C\u00e1diz el Seminario de Estudios Sociales San Raimundo de Pe\u00f1afort, con el fin de impartir las ense\u00f1anzas de Derecho a alumnos libres y preparar las ense\u00f1anzas de Graduado Social en toda la provincia de C\u00e1diz. Es en el curso acad\u00e9mico 1959-1960 donde dicho Seminario [&hellip;]<\/p>\n","protected":false},"author":1,"featured_media":0,"comment_status":"open","ping_status":"open","sticky":false,"template":"","format":"standard","meta":{"footnotes":""},"categories":[3],"tags":[],"class_list":["post-86","post","type-post","status-publish","format-standard","hentry","category-vida-profesional"],"_links":{"self":[{"href":"https:\/\/elblogdejoseblasfernandez.com\/index.php?rest_route=\/wp\/v2\/posts\/86","targetHints":{"allow":["GET"]}}],"collection":[{"href":"https:\/\/elblogdejoseblasfernandez.com\/index.php?rest_route=\/wp\/v2\/posts"}],"about":[{"href":"https:\/\/elblogdejoseblasfernandez.com\/index.php?rest_route=\/wp\/v2\/types\/post"}],"author":[{"embeddable":true,"href":"https:\/\/elblogdejoseblasfernandez.com\/index.php?rest_route=\/wp\/v2\/users\/1"}],"replies":[{"embeddable":true,"href":"https:\/\/elblogdejoseblasfernandez.com\/index.php?rest_route=%2Fwp%2Fv2%2Fcomments&post=86"}],"version-history":[{"count":2,"href":"https:\/\/elblogdejoseblasfernandez.com\/index.php?rest_route=\/wp\/v2\/posts\/86\/revisions"}],"predecessor-version":[{"id":524,"href":"https:\/\/elblogdejoseblasfernandez.com\/index.php?rest_route=\/wp\/v2\/posts\/86\/revisions\/524"}],"wp:attachment":[{"href":"https:\/\/elblogdejoseblasfernandez.com\/index.php?rest_route=%2Fwp%2Fv2%2Fmedia&parent=86"}],"wp:term":[{"taxonomy":"category","embeddable":true,"href":"https:\/\/elblogdejoseblasfernandez.com\/index.php?rest_route=%2Fwp%2Fv2%2Fcategories&post=86"},{"taxonomy":"post_tag","embeddable":true,"href":"https:\/\/elblogdejoseblasfernandez.com\/index.php?rest_route=%2Fwp%2Fv2%2Ftags&post=86"}],"curies":[{"name":"wp","href":"https:\/\/api.w.org\/{rel}","templated":true}]}}