{"id":87,"date":"2010-07-26T09:30:36","date_gmt":"2010-07-26T09:30:36","guid":{"rendered":""},"modified":"2012-11-21T04:26:40","modified_gmt":"2012-11-21T03:26:40","slug":"cada-vez-esta-mas-cerca-el-retraso-en-la-jubilacion","status":"publish","type":"post","link":"https:\/\/elblogdejoseblasfernandez.com\/?p=87","title":{"rendered":"Cada vez est\u00e1 m\u00e1s cerca el retraso en la jubilaci\u00f3n"},"content":{"rendered":"<p style=\"text-align: justify;\">Las distintas comparecencias del Ministro de Trabajo y Secretario de Estado de la Seguridad Social est\u00e1n poniendo de manifiesto la gravedad y el reto que se atisba para que la jubilaci\u00f3n se retrase de entrada a los 67 a\u00f1os, pues no cabe duda que los vaivenes del actual Gobierno y las presiones por la falta de fondos para cobrar una pensi\u00f3n es el verdadero y duro mensaje que la actual crisis est\u00e1 sobrevolando por encima los futuros jubilados. La reciente recomendaci\u00f3n de la Comisi\u00f3n Europea a todos los pa\u00edses miembros de retrasar la edad legal de jubilaci\u00f3n hasta los 70 a\u00f1os est\u00e1 avisando que si no hay reformas profundas a corto plazo, los que hoy tienen menos de 40 a\u00f1os de edad podr\u00edan no cobrar la pensi\u00f3n de jubilaci\u00f3n.\u00a0Es decir, cuanto m\u00e1s se tarde en hacer reformas m\u00e1s dificultades tendremos, por lo que si no se llevan a cabo la gente joven va a estar inmersa en una profunda depresi\u00f3n en su sistema de pensiones. Y eso lo acaba de decir Octavio Granado, recientemente en Santander, por lo que si lo dice el Secretario de Estado de la Seguridad Social est\u00e1 poniendo de manifiesto que el super\u00e1vit que hasta el 2012 tiene la Seguridad Social, m\u00e1s all\u00e1 de dicha fecha la situaci\u00f3n puede ser muy preocupante.<\/p>\n<p style=\"text-align: justify;\">En este pa\u00eds se han regalado las prejubilaciones, donde de 76.292 que exist\u00edan en el 2003, han pasado a 112.427 en el 2009, sin olvidar que a los que han cumplido 65 a\u00f1os ya en el pasado 2009 se han colocado en un n\u00famero nada despreciable de 160.000 aproximadamente. Esto ya no lo soporta ni el propio Pacto de Toledo, pues cuando se firm\u00f3 el mismo en 1995 fue con la idea de optimizarlo y crear un Fondo de Reservas para la llegada de las \u201cvacas flacas\u201d, pero al ritmo que llevamos la Seguridad Social ya estima que en el 2020 habr\u00e1 10,1 millones de pensionistas; en 2030 ser\u00e1n 12,5 millones y en el 2040 alcanzar\u00edan 15,3 millones. Lo que pone de manifiesto que es imposible mantener las actuales condiciones salvo que se busquen soluciones, no se mienta y se afronte con valent\u00eda este duro golpe, pues ahora el Gobierno de la Naci\u00f3n se est\u00e1 dando cuenta de que en los pr\u00f3ximos diez a\u00f1os el n\u00famero de jubilados va a crecer de forma desmesurada y si no hay cotizantes y no hay dinero en la hucha, \u00bfqui\u00e9n puede pagar todo esto?.<\/p>\n<p style=\"text-align: justify;\">Hay que sentarse r\u00e1pidamente. Hay que recordar a los sindicatos que tenemos que garantizar el futuro de la Seguridad Social sin posiciones enfrentadas, pues nos estamos jugando el futuro del sistema p\u00fablico de pensiones y si no abordamos con medidas serias y r\u00e1pidas los efectos inmediatos de las pensiones de aqu\u00ed a diez a\u00f1os no tendr\u00e1 credibilidad ni solvencia el sistema p\u00fablico de pensiones. Ha llegado la hora de dejarnos vivir de las rentas y la futura reforma laboral hoy en el Parlamento tiene que afrontar medidas en el sistema de pensiones p\u00fablicas, al igual que otros pa\u00edses, pasando inclusive esta reforma por tener un sistema de colaboraci\u00f3n p\u00fablico-privado, recordando que si estamos en Europa y formamos parte de ella, habr\u00e1 que buscar sistemas similares al estilo de otros pa\u00edses como sucede en Holanda, con mayores incentivos empresariales para la creaci\u00f3n de planes privados, como sucede en Suiza con pensiones privadas obligatorias y como sucede en Suecia, con un sistema de reparto por prestaciones p\u00fablicas en sistemas de capitalizaci\u00f3n individual, con gesti\u00f3n privada de las inversiones, etc., etc., etc., pero claro llegar a otro acuerdo de puntillas puede ser un nuevo fracaso donde no s\u00f3lo el sistema no funcione sino que por no preveer nos quedemos en un intento de reforma.<\/p>\n<p style=\"text-align: justify;\">Por todo, no cabe duda que como ha sido bot\u00f3n de muestra, el Gobierno dar\u00e1 un paso adelante y dos para detr\u00e1s y ante su falta de rigor ser\u00e1 Europa la que nos vuelva a imponer, como ha hecho en las recientes medidas econ\u00f3micas, su criterio y buen saber, pero seguro estoy de que la jubilaci\u00f3n ser\u00e1 retrasada, pues el actual ejecutivo est\u00e1 contra las cuerdas y no tiene alternativas.<\/p>\n","protected":false},"excerpt":{"rendered":"<p>Las distintas comparecencias del Ministro de Trabajo y Secretario de Estado de la Seguridad Social est\u00e1n poniendo de manifiesto la gravedad y el reto que se atisba para que la jubilaci\u00f3n se retrase de entrada a los 67 a\u00f1os, pues no cabe duda que los vaivenes del actual Gobierno y las presiones por la falta [&hellip;]<\/p>\n","protected":false},"author":1,"featured_media":0,"comment_status":"open","ping_status":"open","sticky":false,"template":"","format":"standard","meta":{"footnotes":""},"categories":[6,3],"tags":[],"class_list":["post-87","post","type-post","status-publish","format-standard","hentry","category-actualidad","category-vida-profesional"],"_links":{"self":[{"href":"https:\/\/elblogdejoseblasfernandez.com\/index.php?rest_route=\/wp\/v2\/posts\/87","targetHints":{"allow":["GET"]}}],"collection":[{"href":"https:\/\/elblogdejoseblasfernandez.com\/index.php?rest_route=\/wp\/v2\/posts"}],"about":[{"href":"https:\/\/elblogdejoseblasfernandez.com\/index.php?rest_route=\/wp\/v2\/types\/post"}],"author":[{"embeddable":true,"href":"https:\/\/elblogdejoseblasfernandez.com\/index.php?rest_route=\/wp\/v2\/users\/1"}],"replies":[{"embeddable":true,"href":"https:\/\/elblogdejoseblasfernandez.com\/index.php?rest_route=%2Fwp%2Fv2%2Fcomments&post=87"}],"version-history":[{"count":2,"href":"https:\/\/elblogdejoseblasfernandez.com\/index.php?rest_route=\/wp\/v2\/posts\/87\/revisions"}],"predecessor-version":[{"id":523,"href":"https:\/\/elblogdejoseblasfernandez.com\/index.php?rest_route=\/wp\/v2\/posts\/87\/revisions\/523"}],"wp:attachment":[{"href":"https:\/\/elblogdejoseblasfernandez.com\/index.php?rest_route=%2Fwp%2Fv2%2Fmedia&parent=87"}],"wp:term":[{"taxonomy":"category","embeddable":true,"href":"https:\/\/elblogdejoseblasfernandez.com\/index.php?rest_route=%2Fwp%2Fv2%2Fcategories&post=87"},{"taxonomy":"post_tag","embeddable":true,"href":"https:\/\/elblogdejoseblasfernandez.com\/index.php?rest_route=%2Fwp%2Fv2%2Ftags&post=87"}],"curies":[{"name":"wp","href":"https:\/\/api.w.org\/{rel}","templated":true}]}}