{"id":89,"date":"2010-09-20T20:21:59","date_gmt":"2010-09-20T20:21:59","guid":{"rendered":""},"modified":"2012-11-21T04:25:52","modified_gmt":"2012-11-21T03:25:52","slug":"el-video-de-ugt-se-convierte-en-chufla","status":"publish","type":"post","link":"https:\/\/elblogdejoseblasfernandez.com\/?p=89","title":{"rendered":"El v\u00eddeo de UGT se convierte en chufla"},"content":{"rendered":"<p style=\"text-align: justify;\">No puedo ocultar que tengo grandes amigos en UGT a los que considero magn\u00edficos profesionales y aut\u00e9nticos defensores del verdadero sindicalismo. Es m\u00e1s, comparto con muchos las injusticias de otros y mientras negociamos convenios colectivos para llegar a un punto ecu\u00e1nime de empresas y trabajadores, hablamos de todo y sinceramente sabemos anteponer el inter\u00e9s general sobre el particular, pero me ha causado estupor, por no decir verg\u00fcenza ajena, el reciente video que UGT lanza de cara a la pr\u00f3xima huelga general, al parecer con criterios de humor, pero que roza y se adentra en lo que denominar\u00eda \u201cchufla\u201d.<\/p>\n<p style=\"text-align: justify;\">La figura del chikilicuatre es la menos afortunada para hacer de la groser\u00eda un aut\u00e9ntico circo del mal gusto.<br \/>\nEscenas libidinosas y frases ya manidas insultan no s\u00f3lo a las mujeres, sino que caen en una bajeza moral que no tiene precedentes. C\u00e1ndido M\u00e9ndez asegura, tras esta rid\u00edcula parodia, que \u201clos criterios del humor no est\u00e1n escritos\u201d, pero si esa es su justificaci\u00f3n no puedo por m\u00e1s tiempo que mostrar p\u00fablicamente no s\u00f3lo mi desacuerdo por tan barata parodia, sino que deja a los verdaderos sindicalistas al pie de los caballos. Me pregunto qu\u00e9 d\u00f3nde est\u00e1 la Ministra de Igualdad, que pese a sus salidas extempor\u00e1neas, aqu\u00ed est\u00e1 calladita para no molestar a quien en cualquier momento puede ser su aliado, pero es una pena que el silencio de un sindicato hist\u00f3rico durante a\u00f1os y a\u00fan m\u00e1s, apesebrado por las arcas p\u00fablicas, caiga en un video casero sin m\u00e1s m\u00e9ritos que el intentar justificar la pr\u00f3xima huelga general en la que s\u00f3lo estar\u00e1n batalleando los liberados que pagamos todos y que antes de este video debieron pensar seriamente todos los frentes abiertos que tienen los cerca de cinco millones de parados que hoy est\u00e1n muchos de ellos en el umbral de la pobreza y donde otros miles de espa\u00f1oles no podr\u00e1n optar a recibir el subsidio de 426 euros al mes.<br \/>\n\u00bfPor qu\u00e9 la UGT no se preocupa de la ca\u00edda de ingresos de la Seguridad Social?. \u00bfPor qu\u00e9 no de los n\u00fameros rojos que acechan a las pensiones? \u00bfPor qu\u00e9 no mira al Fondo de Reserva que podr\u00eda convertirse en deuda en el 2028?. \u00bfPor qu\u00e9 no miran o no observan que la hucha de las pensiones puede llegar s\u00f3lo a nueve meses para pagar a pensionistas? \u00bfPor qu\u00e9 no comprueban que la Seguridad Social tuvo que embargar a m\u00e1s de 1,6 millones de cuentas en 2009?, \u00bfPor qu\u00e9 no verifican la p\u00e9rdida de empleo de m\u00e1s de un mill\u00f3n de aut\u00f3nomos?,\u00bfY de la Jubilaci\u00f3n a los 67 a\u00f1os?. Es decir, tienen materia par defender lo que no han defendido y ahora lloran cuando ven que sus ingresos de \u201cliberados\u201d peligran porque mientras disfrutaban de ese puesto de trabajo donde no daban ni un palo al agua, los restantes compa\u00f1eros\/as de trabajo les dan la espalda. Ya es tarde D. C\u00e1ndido y siento pena por usted, pues si su figura sindical es el video que nos ha ofrecido qu\u00e9 poquito tiene en su haber; s\u00f3lo lo que vulgarmente se llama comerse el marr\u00f3n y hacer el rid\u00edculo. Yo pens\u00e9 que ser sindicalista era algo m\u00e1s serio y m\u00e1s importante, pero me queda el consuelo de esos amigos que todav\u00eda tienen fuerza moral para darse de baja en UGT si se miran al espejo y se ven reflejados en ese triste video dedicado a la apolog\u00eda de la vulgaridad y d\u00f3nde el tiempo le dir\u00e1 como yo aqu\u00ed lo afirmo: \u201c\u00a1Qu\u00e9 barbaridad!\u00a1Qu\u00e9 rid\u00edculo m\u00e1s grande!.<\/p>\n","protected":false},"excerpt":{"rendered":"<p>No puedo ocultar que tengo grandes amigos en UGT a los que considero magn\u00edficos profesionales y aut\u00e9nticos defensores del verdadero sindicalismo. Es m\u00e1s, comparto con muchos las injusticias de otros y mientras negociamos convenios colectivos para llegar a un punto ecu\u00e1nime de empresas y trabajadores, hablamos de todo y sinceramente sabemos anteponer el inter\u00e9s general [&hellip;]<\/p>\n","protected":false},"author":1,"featured_media":0,"comment_status":"open","ping_status":"open","sticky":false,"template":"","format":"standard","meta":{"footnotes":""},"categories":[6],"tags":[],"class_list":["post-89","post","type-post","status-publish","format-standard","hentry","category-actualidad"],"_links":{"self":[{"href":"https:\/\/elblogdejoseblasfernandez.com\/index.php?rest_route=\/wp\/v2\/posts\/89","targetHints":{"allow":["GET"]}}],"collection":[{"href":"https:\/\/elblogdejoseblasfernandez.com\/index.php?rest_route=\/wp\/v2\/posts"}],"about":[{"href":"https:\/\/elblogdejoseblasfernandez.com\/index.php?rest_route=\/wp\/v2\/types\/post"}],"author":[{"embeddable":true,"href":"https:\/\/elblogdejoseblasfernandez.com\/index.php?rest_route=\/wp\/v2\/users\/1"}],"replies":[{"embeddable":true,"href":"https:\/\/elblogdejoseblasfernandez.com\/index.php?rest_route=%2Fwp%2Fv2%2Fcomments&post=89"}],"version-history":[{"count":3,"href":"https:\/\/elblogdejoseblasfernandez.com\/index.php?rest_route=\/wp\/v2\/posts\/89\/revisions"}],"predecessor-version":[{"id":521,"href":"https:\/\/elblogdejoseblasfernandez.com\/index.php?rest_route=\/wp\/v2\/posts\/89\/revisions\/521"}],"wp:attachment":[{"href":"https:\/\/elblogdejoseblasfernandez.com\/index.php?rest_route=%2Fwp%2Fv2%2Fmedia&parent=89"}],"wp:term":[{"taxonomy":"category","embeddable":true,"href":"https:\/\/elblogdejoseblasfernandez.com\/index.php?rest_route=%2Fwp%2Fv2%2Fcategories&post=89"},{"taxonomy":"post_tag","embeddable":true,"href":"https:\/\/elblogdejoseblasfernandez.com\/index.php?rest_route=%2Fwp%2Fv2%2Ftags&post=89"}],"curies":[{"name":"wp","href":"https:\/\/api.w.org\/{rel}","templated":true}]}}