{"id":91,"date":"2010-12-23T19:59:20","date_gmt":"2010-12-23T18:59:20","guid":{"rendered":""},"modified":"2012-11-21T04:24:50","modified_gmt":"2012-11-21T03:24:50","slug":"necesidad-de-una-redefinicion","status":"publish","type":"post","link":"https:\/\/elblogdejoseblasfernandez.com\/?p=91","title":{"rendered":"Necesidad de una redefinici\u00f3n"},"content":{"rendered":"<p style=\"text-align: justify;\">Estos d\u00edas en los que el esp\u00edritu de la Navidad, afortunadamente nos invade, d\u00edas en los que fraternizamos, hacemos balance y nuevos prop\u00f3sitos, d\u00edas propicios para la reflexi\u00f3n e incluso la compresi\u00f3n, la cual adquiere un notable valor, dados los retos que a diario nos tenemos enfrentar, estamos ante una situaci\u00f3n de alto riesgo econ\u00f3mico.<\/p>\n<p>Es cierto que la econom\u00eda de nuestro pa\u00eds, no va bien, y que ser\u00e1n duras las medidas que en algunos casos habr\u00e1n de tomarse, pero ante la grave enfermedad que padece nuestra econom\u00eda, me temo que no van a valer pa\u00f1os calientes, lo contrario, ser\u00eda enga\u00f1ar, y con eso ya hemos visto a d\u00f3nde nos ha conducido el Gobierno. Y entre esas medidas vitales por tomar, est\u00e1 el modelo actual de la Administraci\u00f3n espa\u00f1ola, el cual simplemente, no es sostenible.<\/p>\n<p>No es sostenible el tama\u00f1o del Estado, sus innumerables organismos, entes y empresas, modelo que se repite por diecisiete en las Comunidades Aut\u00f3nomas, y tampoco la relaci\u00f3n prestaci\u00f3n\/financiaci\u00f3n de los municipios. Y sobre en esto \u00faltimo, mi dilatada experiencia en la gesti\u00f3n municipal, creo que me autoriza a tener algo que decir. Los ayuntamientos carecemos de una aut\u00e9ntica autonom\u00eda financiera, limitaciones fiscales, limitaciones a la capacidad de endeudamiento, limitaciones a la participaci\u00f3n en los tributos de Estado, limitaciones y dependencia de las trasferencias, junto a la necesidad de tener que acometer funciones y actuaciones que necesitan nuestros ciudadanos, pero que no son atendidas por otras administraciones, ponen en duda la garant\u00eda de sostenibilidad del actual sistema de administraci\u00f3n local.<\/p>\n<p>Si esto es cierto, no lo es menos que las medidas reclamadas por los Ayuntamientos se retrasan una y otra vez, y si el tiempo siempre ha sido oro, en los actuales momentos de crisis econ\u00f3mica, el efecto de este atraso adquiere tintes dram\u00e1ticos. \u00a1Es necesario actuar!<\/p>\n<p>Necesitamos reflexionar y estas fechas son propicias para que, contando con todos, pues todos somos necesarios, y la administraci\u00f3n es de todos los ciudadanos sin distinci\u00f3n, seamos capaces de llegar hasta la necesaria redefinici\u00f3n de los servicios que las administraciones, en este caso la local, teniendo en cuenta la realidad, y siendo conscientes de lo que tenemos y vamos a tener, al menos a corto plazo, podamos hacer para evitar justamente lo que hay que evitar a toda costa, su paralizaci\u00f3n.<\/p>\n<p>En este sentido, nuestro Ayuntamiento, y en concreto el \u00e1rea del que soy responsable y contando con todos, va a iniciar un proceso en este sentido, con el objeto de redefinir empezando por qui\u00e9n y c\u00f3mo se prestan, usan y financian los servicios. Todo ello sin perder de vista las necesidades de la ciudad y las posibilidades de nuestro Ayuntamiento que conduzca a una redefinici\u00f3n y un redimensionamiento (insisto, contando con todos) que garantice la sostenibilidad de nuestros servicios p\u00fablicos.<\/p>\n<p>Reflexionando sobre qu\u00e9, con qui\u00e9n, por cuanto y qui\u00e9n se beneficia de los servicios que prestamos, entiendo que esta ser\u00e1 la mejor manera de ajustarnos a las limitaciones presupuestarias y seguir atendiendo a nuestros ciudadanos como se merecen, revisando permanentemente qu\u00e9 queremos y podemos hacer, qu\u00e9 nos impide poder llegar hasta d\u00f3nde desear\u00edamos, al tiempo que analizar las herramientas con las que, sin duda, contamos.<\/p>\n<p>Esto no significa que no conozcamos lo que hacemos, sino que es justamente ese conocimiento adquirido durante tantos a\u00f1os al servicio de nuestra administraci\u00f3n local, el que entiendo me capacita para invitar a todos a esta reflexi\u00f3n, que valientemente y con lealtad deber\u00edamos todos hacer en todos los \u00e1mbitos y esforzarnos hasta el l\u00edmite para hacer lo imposible para afrontar la realidad, que no es otra que intentar prestar los mimos servicios con menos recursos. Negar esta realidad, es como negar la crisis.<\/p>\n<p style=\"text-align: justify;\">Felices Fiestas.<\/p>\n","protected":false},"excerpt":{"rendered":"<p>Estos d\u00edas en los que el esp\u00edritu de la Navidad, afortunadamente nos invade, d\u00edas en los que fraternizamos, hacemos balance y nuevos prop\u00f3sitos, d\u00edas propicios para la reflexi\u00f3n e incluso la compresi\u00f3n, la cual adquiere un notable valor, dados los retos que a diario nos tenemos enfrentar, estamos ante una situaci\u00f3n de alto riesgo econ\u00f3mico. [&hellip;]<\/p>\n","protected":false},"author":1,"featured_media":0,"comment_status":"open","ping_status":"open","sticky":false,"template":"","format":"standard","meta":{"footnotes":""},"categories":[6],"tags":[],"class_list":["post-91","post","type-post","status-publish","format-standard","hentry","category-actualidad"],"_links":{"self":[{"href":"https:\/\/elblogdejoseblasfernandez.com\/index.php?rest_route=\/wp\/v2\/posts\/91","targetHints":{"allow":["GET"]}}],"collection":[{"href":"https:\/\/elblogdejoseblasfernandez.com\/index.php?rest_route=\/wp\/v2\/posts"}],"about":[{"href":"https:\/\/elblogdejoseblasfernandez.com\/index.php?rest_route=\/wp\/v2\/types\/post"}],"author":[{"embeddable":true,"href":"https:\/\/elblogdejoseblasfernandez.com\/index.php?rest_route=\/wp\/v2\/users\/1"}],"replies":[{"embeddable":true,"href":"https:\/\/elblogdejoseblasfernandez.com\/index.php?rest_route=%2Fwp%2Fv2%2Fcomments&post=91"}],"version-history":[{"count":2,"href":"https:\/\/elblogdejoseblasfernandez.com\/index.php?rest_route=\/wp\/v2\/posts\/91\/revisions"}],"predecessor-version":[{"id":519,"href":"https:\/\/elblogdejoseblasfernandez.com\/index.php?rest_route=\/wp\/v2\/posts\/91\/revisions\/519"}],"wp:attachment":[{"href":"https:\/\/elblogdejoseblasfernandez.com\/index.php?rest_route=%2Fwp%2Fv2%2Fmedia&parent=91"}],"wp:term":[{"taxonomy":"category","embeddable":true,"href":"https:\/\/elblogdejoseblasfernandez.com\/index.php?rest_route=%2Fwp%2Fv2%2Fcategories&post=91"},{"taxonomy":"post_tag","embeddable":true,"href":"https:\/\/elblogdejoseblasfernandez.com\/index.php?rest_route=%2Fwp%2Fv2%2Ftags&post=91"}],"curies":[{"name":"wp","href":"https:\/\/api.w.org\/{rel}","templated":true}]}}