{"id":97,"date":"2011-05-27T21:53:00","date_gmt":"2011-05-27T21:53:00","guid":{"rendered":""},"modified":"2012-11-21T04:20:46","modified_gmt":"2012-11-21T03:20:46","slug":"jareno-me-llama-zurupeto","status":"publish","type":"post","link":"https:\/\/elblogdejoseblasfernandez.com\/?p=97","title":{"rendered":"Jare\u00f1o me llama zurupeto"},"content":{"rendered":"<p style=\"text-align: justify;\">Una vez m\u00e1s, me hacen llegar la \u00faltima revista de \u201cLa Garnacha\u201d perteneciente al Colegio de Abogados por cuyos miembros siempre tengo y tendr\u00e9 una gran admiraci\u00f3n, pues entre ellos se encuentra mi hijo Jos\u00e9 Blas, por cierto, mucho mejor que yo y como es l\u00f3gico con un prestigio ganado poco a poco que muchos lo quisieran para s\u00ed. Pero, el Decano de este Colegio que me tiene suscrito en todas sus editoriales, una vez m\u00e1s en la \u00faltima revista (por cierto mediocre) vuelve a lanzar sus ladridos contra la digna profesi\u00f3n de Graduado Social y todo ante el gran cabreo y dolor que le ha supuesto el que nuestra figura procesal de Graduado Social firme como los Abogados y confeccione los Recursos de Suplicaci\u00f3n.\u00a0Por ello, con palabras huecas y con frases torticeras nos llama \u201cintrusos, zurupetos y desahogados\u201d, y si no fuera porque creo que ni esas propias palabras \u00e9l las conoce, denoto la obsesi\u00f3n y el dolor que le producimos los Graduados Sociales. Es m\u00e1s, somos m\u00e1s importantes en noticia para esa revista que el nombramiento del nuevo Presidente de la Audiencia Provincial de C\u00e1diz. Es decir, que sue\u00f1a con nosotros y de eso yo me congratulo porque ya no sabe qu\u00e9 hacer para intentar retirarme sillones en actos solemnes en la Audiencia Provincial, empujarme en las procesiones para que no vaya a su lado, intentar que no salga en calendarios ben\u00e9ficos, envidia por mi Cruz de San Raimundo de Pe\u00f1afort, etc., lo cual demuestra la catadura de su persona.<\/p>\n<p style=\"text-align: justify;\">Sr. Jare\u00f1o, nos est\u00e1 haciendo a los Graduados Sociales una publicidad gratuita que no tiene precedentes. Lo siento por usted, pero tambi\u00e9n quiero recordarle el rid\u00edculo que muchas veces hace de su persona, pues aparecer con una maleta y toga en la mano a la llegada de la Audiencia en la \u201cOperaci\u00f3n Karlos\u201d sin tener ning\u00fan cliente y todo para que las c\u00e1maras de televisi\u00f3n le tomasen su entrada es algo pat\u00e9tico, pero claro, usted para hacer a\u00fan m\u00e1s el rid\u00edculo dijo que estaba all\u00ed para alentar a los abogados que defend\u00edan a las partes. No s\u00e9 si ser\u00eda para llevarle agua embotellada o bocadillos de chorizo&#8230; rid\u00edculo total.<\/p>\n<p style=\"text-align: justify;\">Espero que en la pr\u00f3xima Garnacha me dedique otra p\u00e1gina y media y de camino, l\u00e9ase entre otras la Ley Org\u00e1nica del Poder Judicial, la Ley de Procedimiento Laboral, la Ley Concursal y los futuros proyectos de Ley que vienen, pues creo sinceramente que no sabe que estamos en ellas y en algunos casos con los mismos derechos y obligaciones que tienen los Ilustres Abogados, pero sus declaraciones, tanto p\u00fablicas como privadas, le desacreditan por d\u00eda.<\/p>\n<p style=\"text-align: justify;\">En otra ocasi\u00f3n, cuando vaya a la Audiencia con maleta y toga y no tenga juicio, entre mejor en bicicleta.\u00a0Posiblemente as\u00ed lo conozcan mejor.<\/p>\n","protected":false},"excerpt":{"rendered":"<p>Una vez m\u00e1s, me hacen llegar la \u00faltima revista de \u201cLa Garnacha\u201d perteneciente al Colegio de Abogados por cuyos miembros siempre tengo y tendr\u00e9 una gran admiraci\u00f3n, pues entre ellos se encuentra mi hijo Jos\u00e9 Blas, por cierto, mucho mejor que yo y como es l\u00f3gico con un prestigio ganado poco a poco que muchos [&hellip;]<\/p>\n","protected":false},"author":1,"featured_media":0,"comment_status":"open","ping_status":"open","sticky":false,"template":"","format":"standard","meta":{"footnotes":""},"categories":[3],"tags":[],"class_list":["post-97","post","type-post","status-publish","format-standard","hentry","category-vida-profesional"],"_links":{"self":[{"href":"https:\/\/elblogdejoseblasfernandez.com\/index.php?rest_route=\/wp\/v2\/posts\/97","targetHints":{"allow":["GET"]}}],"collection":[{"href":"https:\/\/elblogdejoseblasfernandez.com\/index.php?rest_route=\/wp\/v2\/posts"}],"about":[{"href":"https:\/\/elblogdejoseblasfernandez.com\/index.php?rest_route=\/wp\/v2\/types\/post"}],"author":[{"embeddable":true,"href":"https:\/\/elblogdejoseblasfernandez.com\/index.php?rest_route=\/wp\/v2\/users\/1"}],"replies":[{"embeddable":true,"href":"https:\/\/elblogdejoseblasfernandez.com\/index.php?rest_route=%2Fwp%2Fv2%2Fcomments&post=97"}],"version-history":[{"count":5,"href":"https:\/\/elblogdejoseblasfernandez.com\/index.php?rest_route=\/wp\/v2\/posts\/97\/revisions"}],"predecessor-version":[{"id":510,"href":"https:\/\/elblogdejoseblasfernandez.com\/index.php?rest_route=\/wp\/v2\/posts\/97\/revisions\/510"}],"wp:attachment":[{"href":"https:\/\/elblogdejoseblasfernandez.com\/index.php?rest_route=%2Fwp%2Fv2%2Fmedia&parent=97"}],"wp:term":[{"taxonomy":"category","embeddable":true,"href":"https:\/\/elblogdejoseblasfernandez.com\/index.php?rest_route=%2Fwp%2Fv2%2Fcategories&post=97"},{"taxonomy":"post_tag","embeddable":true,"href":"https:\/\/elblogdejoseblasfernandez.com\/index.php?rest_route=%2Fwp%2Fv2%2Ftags&post=97"}],"curies":[{"name":"wp","href":"https:\/\/api.w.org\/{rel}","templated":true}]}}