{"id":98,"date":"2011-06-13T20:59:59","date_gmt":"2011-06-13T20:59:59","guid":{"rendered":""},"modified":"2012-11-21T04:21:48","modified_gmt":"2012-11-21T03:21:48","slug":"nuevo-maquillaje-a-la-reforma-laboral","status":"publish","type":"post","link":"https:\/\/elblogdejoseblasfernandez.com\/?p=98","title":{"rendered":"Nuevo maquillaje a la reforma laboral"},"content":{"rendered":"<p style=\"text-align: justify;\">Mientras nuestro marco laboral no es flexible y no estamos preparados ante la competencia del \u00e1mbito laboral de Europa, nuestro Gobierno vuelve a la carga queriendo dar un golpe de efecto con el nuevo Real Decreto Ley que acaba de aprobar de medidas urgentes para la reforma de la negociaci\u00f3n colectiva. Es grotesco que la llame \u201cde medidas urgentes\u201d, es decir, cuando se da cuenta que la poblaci\u00f3n activa no crece y dentro de poco seremos la poblaci\u00f3n m\u00e1s envejecida de Europa y donde los Convenios Colectivos se han negociado hasta hoy ignorando el entorno econ\u00f3mico, sin existir moderaci\u00f3n salarial en los \u00faltimos diez a\u00f1os, ahora el Ministro sindicalista, Valeriano G\u00f3mez, quiere ofrecernos todo aquello en que las partes o los agentes sociales no han sido capaces de ponerse de acuerdo.<\/p>\n<p style=\"text-align: justify;\">El ejecutivo se ha metido esta vez con los Convenios Colectivos, ha creado la figura del \u00e1rbitro para cuando no exista acuerdo de pr\u00f3rroga en la negociaci\u00f3n de \u00e9stos. Es decir, que somete obligatoriamente al dictamen de un \u00e1rbitro un fallo inapelable, el cual dar\u00e1 por terminado el convenio que sea objeto de disputa.<\/p>\n<p style=\"text-align: justify;\">Cuando las relaciones laborales en Espa\u00f1a se han ido modificando por un Gobierno denominado \u201creformista a palos\u201d y cuando la discriminaci\u00f3n y el tratamiento legal entre las pymes, aut\u00f3nomos y grandes empresas es abismal, quiere ahora maquillar la negociaci\u00f3n colectiva bajo una falsa reforma laboral, queriendo legitimar la negociaci\u00f3n de los convenios colectivos con medidas altamente anticonstitucionales, pues le ha puesto a los negociadores de los convenios colectivos puertas y cerrojos que ni el r\u00e9gimen franquista con su sindicato vertical a la cabeza fue capaz de hacer, pues olvida el Ministro del ramo que miles de convenios colectivos hoy existentes adolecen de rigurosidad y no tienen ninguna capacidad de obrar dentro del entorno econ\u00f3mico en el que se encuentran, pues una reforma laboral seria tuvo que haberse propiciado antes de realizarse este maquillaje de negociaci\u00f3n colectiva en unos pilares \u00fanicos para todas las relaciones laborales de Espa\u00f1a y, por supuesto, cotejadas con toda Europa. Es decir, se ha vuelto a parchear, a crear mayor conflictividad, a realizar \u201cgui\u00f1os\u201d a los empleadores, pero en definitiva nada de nada al final.<\/p>\n<p style=\"text-align: justify;\">Todo esto crear\u00e1 una nueva inseguridad jur\u00eddica y mientras la creaci\u00f3n de empleo no llega, deja en manos de \u00f3rganos consultores y de interpretaciones banales lo que no es capaz de hacer para poder sentarse con sindicatos y patronal y que sean ellos los que decidan qu\u00e9 mercado laboral quieren, pues si bien es cierto que la mayor\u00eda de los convenios colectivos hoy existentes son procedentes del sindicato vertical, con cl\u00e1usulas que han propiciado muchas de ellas el agotamiento de las empresas y cierres de \u00e9stas, el que imponga con esta reforma cambios donde los negociadores van a seguir en sus treces, de nada sirve cuanto ha hecho, ya que, imponer por imponer y realizar una obligaci\u00f3n sin saber su alcance es todav\u00eda peor que lo existente.<\/p>\n<p style=\"text-align: justify;\">Es una pena el espacio que el Bolet\u00edn Oficial del Estado ocupa con esta reforma y me pregunto por qu\u00e9 todo esto no lo hizo antes. Creo que va siendo hora de que quien no sea capaz de gestionar salga del entorno en el que se encuentra y deje en manos de los expertos y entendidos los destinos de algo como esto que acaba de saltar por los aires y que ha sido un rotundo fracaso durante la mayor crisis que ha tenido este pa\u00eds en los \u00faltimos cuarenta a\u00f1os. Espa\u00f1a se merece una reforma laboral seria y profunda, actualizada, responsable, sin vencedores ni vencidos, es decir, mirando el inter\u00e9s general de un mercado laboral que tiene en sus espaldas cerca de cinco millones de parados, por lo que mientras no exista una reforma similar al entorno en el que queremos competir, es como tocar el arpa y ver c\u00f3mo Roma arde.<\/p>\n","protected":false},"excerpt":{"rendered":"<p>Mientras nuestro marco laboral no es flexible y no estamos preparados ante la competencia del \u00e1mbito laboral de Europa, nuestro Gobierno vuelve a la carga queriendo dar un golpe de efecto con el nuevo Real Decreto Ley que acaba de aprobar de medidas urgentes para la reforma de la negociaci\u00f3n colectiva. Es grotesco que la [&hellip;]<\/p>\n","protected":false},"author":1,"featured_media":0,"comment_status":"open","ping_status":"open","sticky":false,"template":"","format":"standard","meta":{"footnotes":""},"categories":[6],"tags":[],"class_list":["post-98","post","type-post","status-publish","format-standard","hentry","category-actualidad"],"_links":{"self":[{"href":"https:\/\/elblogdejoseblasfernandez.com\/index.php?rest_route=\/wp\/v2\/posts\/98","targetHints":{"allow":["GET"]}}],"collection":[{"href":"https:\/\/elblogdejoseblasfernandez.com\/index.php?rest_route=\/wp\/v2\/posts"}],"about":[{"href":"https:\/\/elblogdejoseblasfernandez.com\/index.php?rest_route=\/wp\/v2\/types\/post"}],"author":[{"embeddable":true,"href":"https:\/\/elblogdejoseblasfernandez.com\/index.php?rest_route=\/wp\/v2\/users\/1"}],"replies":[{"embeddable":true,"href":"https:\/\/elblogdejoseblasfernandez.com\/index.php?rest_route=%2Fwp%2Fv2%2Fcomments&post=98"}],"version-history":[{"count":2,"href":"https:\/\/elblogdejoseblasfernandez.com\/index.php?rest_route=\/wp\/v2\/posts\/98\/revisions"}],"predecessor-version":[{"id":513,"href":"https:\/\/elblogdejoseblasfernandez.com\/index.php?rest_route=\/wp\/v2\/posts\/98\/revisions\/513"}],"wp:attachment":[{"href":"https:\/\/elblogdejoseblasfernandez.com\/index.php?rest_route=%2Fwp%2Fv2%2Fmedia&parent=98"}],"wp:term":[{"taxonomy":"category","embeddable":true,"href":"https:\/\/elblogdejoseblasfernandez.com\/index.php?rest_route=%2Fwp%2Fv2%2Fcategories&post=98"},{"taxonomy":"post_tag","embeddable":true,"href":"https:\/\/elblogdejoseblasfernandez.com\/index.php?rest_route=%2Fwp%2Fv2%2Ftags&post=98"}],"curies":[{"name":"wp","href":"https:\/\/api.w.org\/{rel}","templated":true}]}}