{"id":99,"date":"2011-06-24T09:57:34","date_gmt":"2011-06-24T09:57:34","guid":{"rendered":""},"modified":"2012-11-20T14:29:05","modified_gmt":"2012-11-20T13:29:05","slug":"un-ministerio-de-trabajo-sin-autoridad-moral","status":"publish","type":"post","link":"https:\/\/elblogdejoseblasfernandez.com\/?p=99","title":{"rendered":"Un Ministerio de Trabajo sin autoridad moral"},"content":{"rendered":"<p>El pasado 26 de mayo, el Bolet\u00edn Oficial del Estado nos sorprend\u00eda con una Orden del Ministerio de Trabajo declarando incompatible la prestaci\u00f3n de Jubilaci\u00f3n del Sistema de la Seguridad Social con el ejercicio propio de los profesionales colegiados. Es decir, a m\u00e1s de quinientos mil profesionales de diversos colectivos les cerraban unos derechos reconocidos por su cotizaci\u00f3n de a\u00f1os al sistema p\u00fablico de pensiones y todo porque al ejercer libremente su profesi\u00f3n y acogerse a su Mutualidad privada, el referido Ministerio y bajo la tutela de que el Sistema de pensiones pod\u00eda tambalearse, aplicaba la incompatibilidad desde el 1 de julio de 2011, lo que conlleva un recorte m\u00e1s de los muchos habidos por la negligente y nefasta gesti\u00f3n de un ejecutivo sin horizontes.<\/p>\n<p>Esta controvertida Orden Ministerial, que incluso ya se ha presentado recurso contra la misma, se ha ido al traste por una enmienda transaccional pactada por el Grupo Socialista con CIU y PP en el Congreso el pasado d\u00eda 22 de junio, todo ello, en base al tr\u00e1mite parlamentario del Proyecto de Ley de modernizaci\u00f3n de la Seguridad Social, la cual permite la compatibilidad nuevamente de lo que con la citada Orden se negaba por el Ministro Valeriano G\u00f3mez. Es decir, \u201cdonde dije digo, digo diego\u201d. Y todo un Estado de Derecho se pone a los pies de una nueva inseguridad jur\u00eddica. No se comprende los bandazos de un Gobierno que s\u00f3lo corrige por imperativo y presi\u00f3n de los votos de la oposici\u00f3n, pues toda la oposici\u00f3n junta, en cualquier momento, deja sin efecto todo aquello que se le ha ocurrido a un Ejecutivo que hace aguas por todas partes.<\/p>\n<p>Ahora, la Orden Ministerial aludida, puede que entre en vigor el 1 de Julio, salvo que antes de esa fecha, dentro de unos d\u00edas, el propio Ministerio se retracte de lo que ha publicado, pues de lo contrario, una vez que entre en vigor, tras su pase por el Senado el Proyecto de Ley de modernizaci\u00f3n de la Seguridad Social, volveremos a tener pensionistas de primera y pensionistas de segunda, lo que pone en entredicho a un Ministro como es el de Trabajo que en menos de un mes se cargan toda una artiller\u00eda que contra los profesionales colegiados hab\u00eda establecido.<\/p>\n<p>Esto no es serio. El BOE no puede estar para publicar antojos y caprichos que sin estudio serio impongan normas que perjudiquen al inter\u00e9s general. Este pa\u00eds llamado Espa\u00f1a tiene con estas medidas y decisiones tan poca credibilidad que a cualquier estudioso del Derecho le hace pensar que la normativa y cuanto legislan Las Cortes es una aut\u00e9ntico juego de ni\u00f1os, donde el papel todo lo admite. Esto, por desgracia, es un Estado de inseguridad jur\u00eddica sin precedente, pues no se comprende c\u00f3mo en menos de un mes una Orden Ministerial que afectaba a quinientos mil profesionales, ahora por el temor de no s\u00e9 qu\u00e9, se derogue en otro foro porque las enmiendas aprobadas tienen mayor rango de los que el propio Ministro ha publicado en la Orden de 23 de mayo de 2011. Seguro que Europa nos ve como aquel juguete que hoy te lo doy y ma\u00f1ana te lo quito, pero para llegar hasta aqu\u00ed y hacer tantas barbaridades jur\u00eddicas es mejor que el Gobierno se mantenga calladito, aguante el tir\u00f3n y espere a que alguien con sentido com\u00fan ponga orden y concierto en todas aquellas decisiones que en estos \u00faltimos a\u00f1os se est\u00e1n tomando. Tenemos un Ministro sindicalista que su \u00fanica obsesi\u00f3n ha sido atacar a los colegios profesionales, por eso de que somos \u201ccorporativistas\u201d y pertenecemos a Corporaciones de Derecho p\u00fablico, pero olvida o desconoce que los colegios profesionales forman parte de la Constituci\u00f3n Espa\u00f1ola, donde su art\u00edculo 36 los contempla y reconoce, por lo que al Sr. Ministro le acaban de atizar un varapalo desde Las Cortes y por verg\u00fcenza torera deber\u00eda esconderse y no asomar ni el bigote.<\/p>\n<p>No se puede ser pir\u00f3mano antes de ser Ministro y seguir si\u00e9ndolo despu\u00e9s, olvidando que una cartera como es la de Trabajo deber\u00eda no s\u00f3lo respetarla sino que se hiciera respetar y aqu\u00ed y en este asunto le quiero recordar, D. Valeriano, que ha hecho usted un aut\u00e9ntico rid\u00edculo, por lo que su Gobierno sigue con el vergonzoso t\u00edtulo de \u201creformista a palos\u201d<\/p>\n<p>As\u00ed y con este ejemplo no vamos a ning\u00fan lado.<\/p>\n","protected":false},"excerpt":{"rendered":"<p>El pasado 26 de mayo, el Bolet\u00edn Oficial del Estado nos sorprend\u00eda con una Orden del Ministerio de Trabajo declarando incompatible la prestaci\u00f3n de Jubilaci\u00f3n del Sistema de la Seguridad Social con el ejercicio propio de los profesionales colegiados. Es decir, a m\u00e1s de quinientos mil profesionales de diversos colectivos les cerraban unos derechos reconocidos [&hellip;]<\/p>\n","protected":false},"author":1,"featured_media":0,"comment_status":"open","ping_status":"open","sticky":false,"template":"","format":"standard","meta":{"footnotes":""},"categories":[6],"tags":[],"class_list":["post-99","post","type-post","status-publish","format-standard","hentry","category-actualidad"],"_links":{"self":[{"href":"https:\/\/elblogdejoseblasfernandez.com\/index.php?rest_route=\/wp\/v2\/posts\/99","targetHints":{"allow":["GET"]}}],"collection":[{"href":"https:\/\/elblogdejoseblasfernandez.com\/index.php?rest_route=\/wp\/v2\/posts"}],"about":[{"href":"https:\/\/elblogdejoseblasfernandez.com\/index.php?rest_route=\/wp\/v2\/types\/post"}],"author":[{"embeddable":true,"href":"https:\/\/elblogdejoseblasfernandez.com\/index.php?rest_route=\/wp\/v2\/users\/1"}],"replies":[{"embeddable":true,"href":"https:\/\/elblogdejoseblasfernandez.com\/index.php?rest_route=%2Fwp%2Fv2%2Fcomments&post=99"}],"version-history":[{"count":2,"href":"https:\/\/elblogdejoseblasfernandez.com\/index.php?rest_route=\/wp\/v2\/posts\/99\/revisions"}],"predecessor-version":[{"id":312,"href":"https:\/\/elblogdejoseblasfernandez.com\/index.php?rest_route=\/wp\/v2\/posts\/99\/revisions\/312"}],"wp:attachment":[{"href":"https:\/\/elblogdejoseblasfernandez.com\/index.php?rest_route=%2Fwp%2Fv2%2Fmedia&parent=99"}],"wp:term":[{"taxonomy":"category","embeddable":true,"href":"https:\/\/elblogdejoseblasfernandez.com\/index.php?rest_route=%2Fwp%2Fv2%2Fcategories&post=99"},{"taxonomy":"post_tag","embeddable":true,"href":"https:\/\/elblogdejoseblasfernandez.com\/index.php?rest_route=%2Fwp%2Fv2%2Ftags&post=99"}],"curies":[{"name":"wp","href":"https:\/\/api.w.org\/{rel}","templated":true}]}}